{"id":8622,"date":"2017-12-20T16:13:22","date_gmt":"2017-12-20T15:13:22","guid":{"rendered":"https:\/\/www.armor-films.com\/?post_type=film&#038;p=8622"},"modified":"2023-06-11T21:27:53","modified_gmt":"2023-06-11T19:27:53","slug":"entre-ciel-et-terre-between-sky-and-ground","status":"publish","type":[73],"link":"https:\/\/www.armor-films.com\/en\/movie\/entre-ciel-et-terre-between-sky-and-ground\/","title":{"rendered":"ENTRE CIEL ET TERRE (Between sky and ground)"},"content":{"rendered":"<p>The spellbinding power of the sounds and rhythms that have for centuries marked a still time of birth and death, the ringing of bells and the activity of bell-ringing continue in the Haut-Pays Ni\u00e7ois, strongly linked to a whole range of musical practices. In these valleys where men have had to leave to earn their living, the familiar language of bells marks a paradoxical echo of their own lives. In these valleys, where men have had to leave to earn their living, the familiar language of the bells is a paradoxical echo of their own lives. Through the destiny of one man, the film weaves together the tenuous threads that make the bell-ringers the protagonists of a fragile collective memory.<\/p>\n","protected":false},"featured_media":7922,"template":"","theme":[91,127,129],"class_list":["post-8622","film","type-film","status-publish","has-post-thumbnail","hentry","type-recent-documentaries","theme-arts-and-culture","theme-moutain","theme-music"],"acf":[],"id_fr":7190,"links_i18n":{"fr":"https:\/\/www.armor-films.com\/film\/entre-ciel-et-terre\/","en":"https:\/\/www.armor-films.com\/en\/movie\/entre-ciel-et-terre-between-sky-and-ground\/","es":"https:\/\/www.armor-films.com\/es\/pelicula\/entre-ciel-et-terre-entre-el-cielo-y-la-terra\/"},"visuel":"<img width=\"200\" height=\"160\" src=\"https:\/\/www.armor-films.com\/wp-content\/uploads\/2017\/12\/entre_ciel___terre___zephyrin1r.jpg\" class=\"card-img-top wp-post-image\" alt=\"\" decoding=\"async\" loading=\"lazy\" srcset=\"https:\/\/www.armor-films.com\/wp-content\/uploads\/2017\/12\/entre_ciel___terre___zephyrin1r.jpg 200w, https:\/\/www.armor-films.com\/wp-content\/uploads\/2017\/12\/entre_ciel___terre___zephyrin1r-113x90.jpg 113w\" sizes=\"auto, (max-width: 200px) 100vw, 200px\" \/>","annee":"1996","realisateur":"Philippe WORMS","producteur":": P.A.V. Communication","interpretes":"Z\u00e9phyrin CASTELON","musique":"Musique locale, pratiques campanaires","image":"Fran\u00e7ois KUHNEL","participation":"Minist\u00e8re de la Culture - Direction de la Musique, ADEM 06, Centre National de la Cin\u00e9matographie, Procirep.","palmares":"","archives":"- Casting a bell in the village,\r\n- Travelling carillon\r\n- Carillon ringers in action,\r\n- Local festivities","descriptif_court":"","legende":"","duree":": 52'","_links":{"self":[{"href":"https:\/\/www.armor-films.com\/en\/wp-json\/wp\/v2\/film\/8622","targetHints":{"allow":["GET"]}}],"collection":[{"href":"https:\/\/www.armor-films.com\/en\/wp-json\/wp\/v2\/film"}],"about":[{"href":"https:\/\/www.armor-films.com\/en\/wp-json\/wp\/v2\/types\/film"}],"wp:featuredmedia":[{"embeddable":true,"href":"https:\/\/www.armor-films.com\/en\/wp-json\/wp\/v2\/media\/7922"}],"wp:attachment":[{"href":"https:\/\/www.armor-films.com\/en\/wp-json\/wp\/v2\/media?parent=8622"}],"wp:term":[{"taxonomy":"type","embeddable":true,"href":"https:\/\/www.armor-films.com\/en\/wp-json\/wp\/v2\/type?post=8622"},{"taxonomy":"theme","embeddable":true,"href":"https:\/\/www.armor-films.com\/en\/wp-json\/wp\/v2\/theme?post=8622"}],"curies":[{"name":"wp","href":"https:\/\/api.w.org\/{rel}","templated":true}]}}