{"id":8724,"date":"2017-12-20T16:13:27","date_gmt":"2017-12-20T15:13:27","guid":{"rendered":"https:\/\/www.armor-films.com\/?post_type=film&#038;p=8724"},"modified":"2023-10-19T21:45:07","modified_gmt":"2023-10-19T19:45:07","slug":"jours-de-fete-a-sainte-severe-festive-days-at-sainte-severe","status":"publish","type":[73],"link":"https:\/\/www.armor-films.com\/en\/movie\/jours-de-fete-a-sainte-severe-festive-days-at-sainte-severe\/","title":{"rendered":"JOURS DE F\u00caTE \u00c0 SAINTE-S\u00c9V\u00c8RE (Festive days at Sainte-Severe)"},"content":{"rendered":"<p>This film recreates the exceptional relationship between the people of Sainte-S\u00e9v\u00e8re, the film &#8220;Jour de F\u00eate&#8221; and its director Jacques Tati. Following the order of the script, from preparation to production and dismantling, the film endeavours to capture the subtle, good-natured relationship that binds a film-maker and his occasional performers together in memory during this special moment, the commemoration of the filming of &#8220;Jour de F\u00eate&#8221; on its fiftieth anniversary. It follows, with a touch of nostalgia, the same dramatic approach as Tati&#8217;s. This is an excellent opportunity to hear first-hand accounts and anecdotes about the month of June 47, which had such an impact on their lives. This is the time to listen to the memories of Mr Paquet, bugler of the clique in &#8217;47, who plays the young man in the canotier, or Madame Chevassu, who once again dons her cashier&#8217;s costume. There&#8217;s also Madeleine Mennevalle, the pretty Sev\u00e9rooise, and Michel Baudeau, the rebellious kid with the fearsome blowpipe, not forgetting Sophie Tatischeff, the tireless guardian of the family legacy.<\/p>\n","protected":false},"featured_media":8010,"template":"","theme":[95],"class_list":["post-8724","film","type-film","status-publish","has-post-thumbnail","hentry","type-recent-documentaries","theme-movies"],"acf":[],"id_fr":7286,"links_i18n":{"fr":"https:\/\/www.armor-films.com\/film\/jours-de-fete-a-sainte-severe\/","en":"https:\/\/www.armor-films.com\/en\/movie\/jours-de-fete-a-sainte-severe-festive-days-at-sainte-severe\/","es":"https:\/\/www.armor-films.com\/es\/pelicula\/jours-de-fete-a-sainte-severe-dias-de-fiesta-en-sainte-severe\/"},"visuel":"<img width=\"200\" height=\"160\" src=\"https:\/\/www.armor-films.com\/wp-content\/uploads\/2017\/12\/ste._severe___pierel_affiche_r.jpg\" class=\"card-img-top wp-post-image\" alt=\"\" decoding=\"async\" loading=\"lazy\" srcset=\"https:\/\/www.armor-films.com\/wp-content\/uploads\/2017\/12\/ste._severe___pierel_affiche_r.jpg 200w, https:\/\/www.armor-films.com\/wp-content\/uploads\/2017\/12\/ste._severe___pierel_affiche_r-113x90.jpg 113w\" sizes=\"auto, (max-width: 200px) 100vw, 200px\" \/>","annee":"1997","realisateur":"Patrick LE GALL","producteur":" : P.A.V. Communication, France 3 Limousin-Poitou-Charentes","interpretes":"Sophie TATISCHEFF, Mr. PAQUET, Madeleine MANNEVALLE, PIEREL,","musique":"","image":"Christian SALON","participation":"Centre Nationale de la Cin\u00e9matographie, La Poste","palmares":"","archives":"","descriptif_court":"","legende":"","duree":" : 26'","_links":{"self":[{"href":"https:\/\/www.armor-films.com\/en\/wp-json\/wp\/v2\/film\/8724","targetHints":{"allow":["GET"]}}],"collection":[{"href":"https:\/\/www.armor-films.com\/en\/wp-json\/wp\/v2\/film"}],"about":[{"href":"https:\/\/www.armor-films.com\/en\/wp-json\/wp\/v2\/types\/film"}],"wp:featuredmedia":[{"embeddable":true,"href":"https:\/\/www.armor-films.com\/en\/wp-json\/wp\/v2\/media\/8010"}],"wp:attachment":[{"href":"https:\/\/www.armor-films.com\/en\/wp-json\/wp\/v2\/media?parent=8724"}],"wp:term":[{"taxonomy":"type","embeddable":true,"href":"https:\/\/www.armor-films.com\/en\/wp-json\/wp\/v2\/type?post=8724"},{"taxonomy":"theme","embeddable":true,"href":"https:\/\/www.armor-films.com\/en\/wp-json\/wp\/v2\/theme?post=8724"}],"curies":[{"name":"wp","href":"https:\/\/api.w.org\/{rel}","templated":true}]}}