{"id":8587,"date":"2017-12-20T16:13:20","date_gmt":"2017-12-20T15:13:20","guid":{"rendered":"https:\/\/www.armor-films.com\/?post_type=film&#038;p=8587"},"modified":"2024-09-22T22:46:36","modified_gmt":"2024-09-22T20:46:36","slug":"la-chute-du-barbare-la-caida-del-barbaro","status":"publish","type":[74],"link":"https:\/\/www.armor-films.com\/es\/pelicula\/la-chute-du-barbare-la-caida-del-barbaro\/","title":{"rendered":"LA CAIDA DEL B\u00c0RBARO"},"content":{"rendered":"<p>Titulo original : <strong>La Chute du Barbare<\/strong><\/p>\n<p>Esta pel\u00edcula aborda el periodo de Pont-Aven en la obra de Gauguin y su dificultad para practicar la pintura debido a su falta de dinero y al desorden de su situaci\u00f3n familiar. La voz en off es una lectura de las cartas que Gauguin escribi\u00f3 a sus allegados, en las que habla de su soledad, de su fallida imaginaci\u00f3n y de su apasionada relaci\u00f3n con Van Gogh. Desde Breta\u00f1a, sin volver a ver a su familia, se embarc\u00f3 rumbo a Tahit\u00ed donde, adem\u00e1s de pintar, practic\u00f3 la escultura. Muri\u00f3 a los 54 a\u00f1os sin regresar a Francia.<\/p>\n","protected":false},"featured_media":7891,"template":"","theme":[92,134,140],"class_list":["post-8587","film","type-film","status-publish","has-post-thumbnail","hentry","type-documentales-recientes","theme-arte-y-cultura","theme-pintura","theme-retrato"],"acf":[],"id_fr":7156,"links_i18n":{"fr":"https:\/\/www.armor-films.com\/film\/la-chute-du-barbare\/","en":"https:\/\/www.armor-films.com\/en\/movie\/la-chute-du-barbare-barbares-fall\/","es":"https:\/\/www.armor-films.com\/es\/pelicula\/la-chute-du-barbare-la-caida-del-barbaro\/"},"visuel":"<img width=\"200\" height=\"160\" src=\"https:\/\/www.armor-films.com\/wp-content\/uploads\/2017\/12\/chute_du_barbare_gauguin_r.jpg\" class=\"card-img-top wp-post-image\" alt=\"\" decoding=\"async\" loading=\"lazy\" srcset=\"https:\/\/www.armor-films.com\/wp-content\/uploads\/2017\/12\/chute_du_barbare_gauguin_r.jpg 200w, https:\/\/www.armor-films.com\/wp-content\/uploads\/2017\/12\/chute_du_barbare_gauguin_r-113x90.jpg 113w\" sizes=\"auto, (max-width: 200px) 100vw, 200px\" \/>","annee":"1998","realisateur":"Yvan FAVREAU","producteur":": P.A.V. Communication","interpretes":"","musique":"","image":"Yvan FAVREAU","participation":"","palmares":"","archives":"- Varios cuadros de Gauguin,\r\n- Retrato de Van Gogh por Gauguin,\r\n- Retrato de Gauguin por Van Gogh,\r\n- Sitios de Pont-Aven y Le Pouldu,\r\n- Esculturas de Gauguin,","descriptif_court":"","legende":"","duree":": 26'","_links":{"self":[{"href":"https:\/\/www.armor-films.com\/es\/wp-json\/wp\/v2\/film\/8587","targetHints":{"allow":["GET"]}}],"collection":[{"href":"https:\/\/www.armor-films.com\/es\/wp-json\/wp\/v2\/film"}],"about":[{"href":"https:\/\/www.armor-films.com\/es\/wp-json\/wp\/v2\/types\/film"}],"wp:featuredmedia":[{"embeddable":true,"href":"https:\/\/www.armor-films.com\/es\/wp-json\/wp\/v2\/media\/7891"}],"wp:attachment":[{"href":"https:\/\/www.armor-films.com\/es\/wp-json\/wp\/v2\/media?parent=8587"}],"wp:term":[{"taxonomy":"type","embeddable":true,"href":"https:\/\/www.armor-films.com\/es\/wp-json\/wp\/v2\/type?post=8587"},{"taxonomy":"theme","embeddable":true,"href":"https:\/\/www.armor-films.com\/es\/wp-json\/wp\/v2\/theme?post=8587"}],"curies":[{"name":"wp","href":"https:\/\/api.w.org\/{rel}","templated":true}]}}