{"id":8603,"date":"2017-12-20T16:13:21","date_gmt":"2017-12-20T15:13:21","guid":{"rendered":"https:\/\/www.armor-films.com\/?post_type=film&#038;p=8603"},"modified":"2024-10-17T15:43:13","modified_gmt":"2024-10-17T13:43:13","slug":"la-conquete-de-leau-la-conquista-del-agua","status":"publish","type":[78],"link":"https:\/\/www.armor-films.com\/es\/pelicula\/la-conquete-de-leau-la-conquista-del-agua\/","title":{"rendered":"LA CONQUISTA DEL AGUA"},"content":{"rendered":"<p><strong>Titulo original : La Conqu\u00eate de l&#8217;Eau<\/strong><\/p>\n<p>Aislada en el campo, prisionera de la tradici\u00f3n, la finca \u00abFr\u00eanes\u00bb ve sus cosechas comprometidas por una sequ\u00eda estacional. Alain, el hijo del granjero, se marcha a la f\u00e1brica, para desesperaci\u00f3n de Annette, su amiga de la infancia. Una motobomba apaga un incendio, lo que provoca la compra de un equipo de bombeo. El agua a presi\u00f3n devuelve la vida a las \u00abFr\u00eanes\u00bb y Annette se reencuentra con Alain el d\u00eda de San Juan.<\/p>\n","protected":false},"featured_media":8599,"template":"","theme":[100,132,148],"class_list":["post-8603","film","type-film","status-publish","has-post-thumbnail","hentry","type-cortometrajes-de-ficcion","theme-cuento","theme-naturaleza","theme-sociedad"],"acf":[],"id_fr":7168,"links_i18n":{"fr":"https:\/\/www.armor-films.com\/film\/la-conquete-de-leau\/","en":"https:\/\/www.armor-films.com\/en\/movie\/la-conquete-de-leau-conquering-the-water\/","es":"https:\/\/www.armor-films.com\/es\/pelicula\/la-conquete-de-leau-la-conquista-del-agua\/"},"visuel":"<img width=\"200\" height=\"160\" src=\"https:\/\/www.armor-films.com\/wp-content\/uploads\/2023\/06\/Conquete-de-lEau-mains-copie.jpeg\" class=\"card-img-top wp-post-image\" alt=\"\" decoding=\"async\" loading=\"lazy\" srcset=\"https:\/\/www.armor-films.com\/wp-content\/uploads\/2023\/06\/Conquete-de-lEau-mains-copie.jpeg 200w, https:\/\/www.armor-films.com\/wp-content\/uploads\/2023\/06\/Conquete-de-lEau-mains-copie-113x90.jpeg 113w\" sizes=\"auto, (max-width: 200px) 100vw, 200px\" \/>","annee":"1952","realisateur":"Jean MOUSSELLE","producteur":": ARMOR Films - Fred ORAIN","interpretes":"Arlette THOMAS, Robert ALLAN","musique":"Robert de FRAGNY","image":"Pierre ANCRENAZ","participation":"","palmares":"","archives":"- Interior de la f\u00e1brica: m\u00e1quinas-herramienta, cadena de montaje de bombas,\r\n- Incendio en un granero,\r\n- carro tirado por un caballo blanco.","descriptif_court":"","legende":"","duree":": 18'","_links":{"self":[{"href":"https:\/\/www.armor-films.com\/es\/wp-json\/wp\/v2\/film\/8603","targetHints":{"allow":["GET"]}}],"collection":[{"href":"https:\/\/www.armor-films.com\/es\/wp-json\/wp\/v2\/film"}],"about":[{"href":"https:\/\/www.armor-films.com\/es\/wp-json\/wp\/v2\/types\/film"}],"wp:featuredmedia":[{"embeddable":true,"href":"https:\/\/www.armor-films.com\/es\/wp-json\/wp\/v2\/media\/8599"}],"wp:attachment":[{"href":"https:\/\/www.armor-films.com\/es\/wp-json\/wp\/v2\/media?parent=8603"}],"wp:term":[{"taxonomy":"type","embeddable":true,"href":"https:\/\/www.armor-films.com\/es\/wp-json\/wp\/v2\/type?post=8603"},{"taxonomy":"theme","embeddable":true,"href":"https:\/\/www.armor-films.com\/es\/wp-json\/wp\/v2\/theme?post=8603"}],"curies":[{"name":"wp","href":"https:\/\/api.w.org\/{rel}","templated":true}]}}