{"id":8769,"date":"2017-12-20T16:13:29","date_gmt":"2017-12-20T15:13:29","guid":{"rendered":"https:\/\/www.armor-films.com\/?post_type=film&#038;p=8769"},"modified":"2024-02-26T19:48:03","modified_gmt":"2024-02-26T18:48:03","slug":"nuit-de-noel-a-notre-dame-noche-de-navidad-en-la-catedral-notre-dame-de-paris","status":"publish","type":[],"link":"https:\/\/www.armor-films.com\/es\/pelicula\/nuit-de-noel-a-notre-dame-noche-de-navidad-en-la-catedral-notre-dame-de-paris\/","title":{"rendered":"NUIT DE NO\u00cbL \u00c0 NOTRE-DAME (Noche de Navidad en la catedral Notre-Dame de Par\u00eds"},"content":{"rendered":"<p>Como cada a\u00f1o desde hace ocho siglos, grandes multitudes acuden a Notre-Dame de Par\u00eds para escuchar las tres misas de la Natividad, y muchos no encuentran asiento en la nave. Es para ellos para quienes la televisi\u00f3n hace una discreta entrada en el coro para lanzar al espacio las im\u00e1genes de esta conmovedora celebraci\u00f3n cuyo mensaje se dirige a todos, creyentes y no creyentes.<\/p>\n","protected":false},"featured_media":8911,"template":"","theme":[],"class_list":["post-8769","film","type-film","status-publish","has-post-thumbnail","hentry"],"acf":[],"id_fr":7322,"links_i18n":{"fr":"https:\/\/www.armor-films.com\/film\/nuit-de-noel-a-notre-dame\/","en":"https:\/\/www.armor-films.com\/en\/movie\/nuit-de-noel-a-notre-dame-christmas-night-in-notre-dame-cathedral\/","es":"https:\/\/www.armor-films.com\/es\/pelicula\/nuit-de-noel-a-notre-dame-noche-de-navidad-en-la-catedral-notre-dame-de-paris\/"},"visuel":"<img width=\"200\" height=\"160\" src=\"https:\/\/www.armor-films.com\/wp-content\/uploads\/2024\/06\/Camera-video-1.jpg\" class=\"card-img-top wp-post-image\" alt=\"\" decoding=\"async\" loading=\"lazy\" srcset=\"https:\/\/www.armor-films.com\/wp-content\/uploads\/2024\/06\/Camera-video-1.jpg 200w, https:\/\/www.armor-films.com\/wp-content\/uploads\/2024\/06\/Camera-video-1-113x90.jpg 113w\" sizes=\"auto, (max-width: 200px) 100vw, 200px\" \/>","annee":"1949","realisateur":"Borrah MINEVITCH","producteur":": CADY Films","interpretes":"Les Petits Chanteurs \u00e0 la Croix de Bois","musique":"","image":"Jacques MERCANTON","participation":"","palmares":"","archives":"","descriptif_court":"","legende":"","duree":" : 11'","_links":{"self":[{"href":"https:\/\/www.armor-films.com\/es\/wp-json\/wp\/v2\/film\/8769","targetHints":{"allow":["GET"]}}],"collection":[{"href":"https:\/\/www.armor-films.com\/es\/wp-json\/wp\/v2\/film"}],"about":[{"href":"https:\/\/www.armor-films.com\/es\/wp-json\/wp\/v2\/types\/film"}],"wp:featuredmedia":[{"embeddable":true,"href":"https:\/\/www.armor-films.com\/es\/wp-json\/wp\/v2\/media\/8911"}],"wp:attachment":[{"href":"https:\/\/www.armor-films.com\/es\/wp-json\/wp\/v2\/media?parent=8769"}],"wp:term":[{"taxonomy":"type","embeddable":true,"href":"https:\/\/www.armor-films.com\/es\/wp-json\/wp\/v2\/type?post=8769"},{"taxonomy":"theme","embeddable":true,"href":"https:\/\/www.armor-films.com\/es\/wp-json\/wp\/v2\/theme?post=8769"}],"curies":[{"name":"wp","href":"https:\/\/api.w.org\/{rel}","templated":true}]}}